{"id":2882,"date":"2026-04-27T16:29:15","date_gmt":"2026-04-27T14:29:15","guid":{"rendered":"https:\/\/ambsanmarino.esteri.it\/?p=2882"},"modified":"2026-04-27T16:30:38","modified_gmt":"2026-04-27T14:30:38","slug":"al-via-la-xix-edizione-del-mese-dantesco","status":"publish","type":"post","link":"https:\/\/ambsanmarino.esteri.it\/it\/news\/dall_ambasciata\/2026\/04\/al-via-la-xix-edizione-del-mese-dantesco\/","title":{"rendered":"Al VIA LA XIX EDIZIONE DEL MESE DANTESCO"},"content":{"rendered":"<p style=\"text-align: justify;\">Anche nel 2026 la Repubblica di San Marino rinnova uno dei suoi appuntamenti culturali pi\u00f9 significativi: il Mese Dantesco, rassegna promossa dall\u2019Associazione Sammarinese Dante Alighieri. Giunto alla sua XIX edizione, il Mese Dantesco si conferma come un laboratorio culturale di alto profilo, capace di coniugare rigore scientifico e apertura interdisciplinare, coinvolgendo studiosi, docenti, artisti e studenti in un dialogo continuo tra tradizione e interpretazione. Realizzata in collaborazione con l\u2019Istituto Musicale Sammarinese e la Scuola Superiore, e con il patrocinio della Segreteria di Stato per la Cultura, dell\u2019Ambasciata d&#8217;Italia a San Marino e della Commissione Nazionale Sammarinese per l&#8217;UNESCO, l\u2019edizione 2026 propone un percorso che si sviluppa tra aprile e maggio, arricchito da una significativa integrazione tra parola, musica e arti visive. Elemento distintivo di quest\u2019anno \u00e8 il riferimento all\u2019ottavo centenario francescano, che attraversa il programma e offre una chiave di lettura particolarmente suggestiva del pensiero dantesco, in relazione alla figura e alla spiritualit\u00e0 di san Francesco. Il ciclo di incontri prender\u00e0 avvio <strong>mercoled\u00ec 22 aprile alle ore 17.30 presso il Teatro Titano con An die Natur<\/strong>, un percorso tra musica e sensibilit\u00e0 francescana guidato da Nicola Giaquinto, con la partecipazione di docenti e allievi dell\u2019Istituto Musicale Sammarinese e della Scuola Superiore.\u00a0Seguiranno, presso la Sala Batoni del Museo di Stato, gli appuntamenti del <strong>6 maggio<\/strong>, con Meris Monti e Paolo Valentini (Di questa costa\u2026 nacque al mondo un sole), dedicato alla figura di san Francesco tra Dante e la tradizione artistica, e del <strong>13 maggio<\/strong>, con Maurizio Gobbi (Cos\u00ec nel mio parlar vogl\u2019esser aspro), dedicato ai poeti \u201cvolgari\u201d dell\u2019et\u00e0 dantesca. Protagonista assoluto di questa edizione sar\u00e0 Giuseppe Fanfani, artista e studioso di Dante, figura di rara completezza nel panorama culturale contemporaneo. La sua presenza costituisce il vero baricentro della manifestazione: da un lato autore della mostra Anime Prave, dall\u2019altro relatore dell\u2019incontro conclusivo del ciclo. La mostra, allestita presso il Museo di Stato dal <strong>21 maggio al 7 luglio<\/strong>, presenter\u00e0 un ciclo di opere pittoriche dedicate all\u2019Inferno dantesco, nate da un approfondito lavoro di esegesi del testo. Le immagini di Fanfani non sono semplici interpretazioni artistiche, ma vere e proprie traduzioni visive della parola dantesca, capaci di restituirne la forza drammatica, la tensione morale e la densit\u00e0 simbolica. La presentazione inaugurale, prevista per <strong>mercoled\u00ec 20 maggio alle ore 17.30 presso la Sala Batoni<\/strong>, sar\u00e0 affidata a suor Maria Gloria Riva, che offrir\u00e0 una lettura teologica e iconografica dell\u2019opera, contribuendo a mettere in luce la profondit\u00e0 spirituale del progetto. A suggello del percorso, <strong>mercoled\u00ec 27 maggio<\/strong>, lo stesso Giuseppe Fanfani interverr\u00e0 come relatore con la conferenza Io fui di Montefeltro, io son Bonconte, dedicata al tema del pentimento e del perdono nel V canto del Purgatorio: un\u2019occasione preziosa per cogliere, nella sua duplice veste di artista e interprete, l\u2019unit\u00e0 tra pensiero, parola e immagine. Il Mese Dantesco 2026 si conferma cos\u00ec non solo come una rassegna di incontri, ma come un progetto culturale organico, capace di offrire al pubblico un\u2019esperienza articolata e coinvolgente, nella quale la lezione di Dante continua a parlare al presente attraverso linguaggi diversi e complementari. L\u2019Associazione Dante Alighieri ringrazia la Societ\u00e0 Unione Mutuo Soccorso per il sostegno assicurato e invita la cittadinanza a partecipare. Tutti gli incontri sono a ingresso libero.<\/p>\n<p style=\"text-align: justify;\"><i>Comunicato stampa<\/i><\/p>\n","protected":false},"excerpt":{"rendered":"Anche nel 2026 la Repubblica di San Marino rinnova uno dei suoi appuntamenti culturali pi\u00f9 significativi: il Mese Dantesco, rassegna promossa dall\u2019Associazione Sammarinese Dante Alighieri. Giunto alla sua XIX edizione, il Mese Dantesco si conferma come un laboratorio culturale di alto profilo, capace di coniugare rigore scientifico e apertura interdisciplinare, coinvolgendo studiosi, docenti, artisti e [&hellip;]","protected":false},"author":4,"featured_media":2884,"comment_status":"closed","ping_status":"closed","sticky":false,"template":"","format":"standard","meta":{"footnotes":""},"tags":[],"class_list":["post-2882","post","type-post","status-publish","format-standard","has-post-thumbnail","hentry"],"_links":{"self":[{"href":"https:\/\/ambsanmarino.esteri.it\/it\/wp-json\/wp\/v2\/posts\/2882","targetHints":{"allow":["GET"]}}],"collection":[{"href":"https:\/\/ambsanmarino.esteri.it\/it\/wp-json\/wp\/v2\/posts"}],"about":[{"href":"https:\/\/ambsanmarino.esteri.it\/it\/wp-json\/wp\/v2\/types\/post"}],"author":[{"embeddable":true,"href":"https:\/\/ambsanmarino.esteri.it\/it\/wp-json\/wp\/v2\/users\/4"}],"replies":[{"embeddable":true,"href":"https:\/\/ambsanmarino.esteri.it\/it\/wp-json\/wp\/v2\/comments?post=2882"}],"version-history":[{"count":1,"href":"https:\/\/ambsanmarino.esteri.it\/it\/wp-json\/wp\/v2\/posts\/2882\/revisions"}],"predecessor-version":[{"id":2888,"href":"https:\/\/ambsanmarino.esteri.it\/it\/wp-json\/wp\/v2\/posts\/2882\/revisions\/2888"}],"wp:featuredmedia":[{"embeddable":true,"href":"https:\/\/ambsanmarino.esteri.it\/it\/wp-json\/wp\/v2\/media\/2884"}],"wp:attachment":[{"href":"https:\/\/ambsanmarino.esteri.it\/it\/wp-json\/wp\/v2\/media?parent=2882"}],"wp:term":[{"taxonomy":"post_tag","embeddable":true,"href":"https:\/\/ambsanmarino.esteri.it\/it\/wp-json\/wp\/v2\/tags?post=2882"}],"curies":[{"name":"wp","href":"https:\/\/api.w.org\/{rel}","templated":true}]}}